{"id":3582,"date":"2023-12-21T16:45:03","date_gmt":"2023-12-21T16:45:03","guid":{"rendered":"https:\/\/learningconnected.com\/?p=3582"},"modified":"2023-12-21T17:14:50","modified_gmt":"2023-12-21T17:14:50","slug":"end-of-year-reflection","status":"publish","type":"post","link":"https:\/\/learningconnected.com\/de\/blog\/end-of-year-reflection\/","title":{"rendered":"Was haben Sie dieses Jahr gelernt? Blicken Sie mit unserer Vorlage auf das Jahr 2023 zur\u00fcck"},"content":{"rendered":"<p>Der Monat Dezember ist die Zeit, um dar\u00fcber nachzudenken, was wir im vergangenen Jahr gelernt haben, was wir erreicht haben und was unsere n\u00e4chsten Schritte sind. Bei Learning Connected glauben wir an die Kraft der Reflexion f\u00fcr lebenslanges Lernen und Entwicklung. Um Ihnen dabei zu helfen, haben wir eine PDF-Vorlage erstellt, die Sie kostenlos herunterladen und ausdrucken k\u00f6nnen, um Ihre Jahresendreflexion zu erstellen!<\/p>\n<p>&nbsp;<\/p>\n<p><a href=\"https:\/\/learningconnected.com\/wp-content\/uploads\/2023\/12\/End-of-year-reflection-Learning-Connected.pdf\" target=\"_blank\" rel=\"noopener\"><img loading=\"lazy\" decoding=\"async\" class=\"aligncenter wp-image-3593\" src=\"https:\/\/learningconnected.com\/wp-content\/uploads\/2023\/12\/End-of-year-reflection-Learning-Connected-212x300.png\" alt=\"\" width=\"500\" height=\"707\" srcset=\"https:\/\/learningconnected.com\/wp-content\/uploads\/2023\/12\/End-of-year-reflection-Learning-Connected-212x300.png 212w, https:\/\/learningconnected.com\/wp-content\/uploads\/2023\/12\/End-of-year-reflection-Learning-Connected-724x1024.png 724w, https:\/\/learningconnected.com\/wp-content\/uploads\/2023\/12\/End-of-year-reflection-Learning-Connected-8x12.png 8w, https:\/\/learningconnected.com\/wp-content\/uploads\/2023\/12\/End-of-year-reflection-Learning-Connected.png 884w\" sizes=\"auto, (max-width: 500px) 100vw, 500px\" \/><\/a><\/p>\n<p style=\"text-align: center;\"><em>Klicken Sie auf das Bild, um die Vorlage herunterzuladen.<\/em><\/p>\n<p>&nbsp;<\/p>\n<p><strong>Was ich dieses Jahr gelernt habe<\/strong><\/p>\n<p>Nehmen Sie sich Zeit, um \u00fcber die F\u00e4higkeiten und Kenntnisse nachzudenken, die Sie im vergangenen Jahr erworben haben. Sie haben wahrscheinlich mehr gelernt, als Sie denken! Ob es sich um ein neues Softwareprogramm, ein besseres Verst\u00e4ndnis eines Themas oder verbesserte Kommunikationsf\u00e4higkeiten handelt: Erkennen Sie Ihre Fortschritte an und klopfen Sie sich selbst auf die Schulter.<\/p>\n<p><strong>Meine beste Leistung<\/strong><\/p>\n<p>Feiern Sie Ihre gro\u00dfen und kleinen Siege! Auf welche Errungenschaft oder welchen Moment im vergangenen Jahr sind Sie besonders stolz? Das kann der Abschluss eines erfolgreichen Projekts, ein pers\u00f6nlicher Meilenstein oder die Bew\u00e4ltigung einer Herausforderung sein. Wenn Sie Ihre Erfolge anerkennen, motiviert Sie das f\u00fcr die kommenden Herausforderungen.<\/p>\n<p><strong>Wort des Jahres<\/strong><\/p>\n<p>Zoomen Sie heraus und \u00fcberlegen Sie, welches Wort (oder welcher Satz) Ihre Erfahrungen, Ihr Wachstum und Ihre Bestrebungen im vergangenen Jahr am besten zusammenfasst. Es k\u00f6nnte ein Wort sein, das Sie inspiriert hat, das Sie herausgefordert hat oder das sich wie ein roter Faden durch Ihre pers\u00f6nliche und berufliche Entwicklung gezogen hat.<\/p>\n<p><strong>Was ich dieses Jahr nicht gelernt habe<\/strong><\/p>\n<p>Beim Wachstum geht es nicht nur darum, neue Dinge zu lernen, sondern auch darum, alte Muster, \u00dcberzeugungen oder Gewohnheiten loszulassen. Denken Sie an die Dinge, die Sie im vergangenen Jahr bewusst oder unbewusst verlernt haben: Vielleicht haben Sie gelernt, stressige Situationen zu vermeiden, Selbstzweifel zu \u00fcberwinden oder den Perfektionismus loszulassen. Auch das Verlernen der richtigen Dinge ist ein Fortschritt!<\/p>\n<p><strong>Was ich n\u00e4chstes Jahr lernen m\u00f6chte<\/strong><\/p>\n<p>Legen Sie Ihre Ziele f\u00fcr das kommende Jahr fest. Welche F\u00e4higkeiten oder Kenntnisse m\u00f6chten Sie erwerben? Ganz gleich, ob es sich um eine berufliche Weiterentwicklung, eine pers\u00f6nliche Bereicherung oder ein neues Hobby handelt, formulieren Sie, was Sie lernen m\u00f6chten, damit Sie sich im kommenden Jahr gezielt darauf konzentrieren k\u00f6nnen.<\/p>\n<p><a href=\"https:\/\/learningconnected.com\/wp-content\/uploads\/2023\/12\/End-of-year-reflection-Learning-Connected.pdf\" target=\"_blank\" rel=\"noopener\">Klicken Sie hier, um die Vorlage herunterzuladen.<\/a><\/p>\n<p>Das Learning Connected Team w\u00fcnscht Ihnen einen inspirierenden Jahresausklang und ein neues Jahr voller Wachstum!<\/p>","protected":false},"excerpt":{"rendered":"<p>Der Monat Dezember ist die Zeit der Reflexion \u00fcber das, was wir gelernt haben<\/p>","protected":false},"author":25,"featured_media":3596,"comment_status":"closed","ping_status":"closed","sticky":false,"template":"","format":"standard","meta":{"footnotes":""},"categories":[7],"tags":[],"class_list":["post-3582","post","type-post","status-publish","format-standard","has-post-thumbnail","hentry","category-nieuws"],"yoast_head":"<!-- This site is optimized with the Yoast SEO plugin v27.5 - https:\/\/yoast.com\/product\/yoast-seo-wordpress\/ -->\n<title>Wat heb je dit jaar geleerd? Kijk terug op 2023 met onze template - Learning Connected<\/title>\n<meta name=\"robots\" content=\"index, follow, max-snippet:-1, max-image-preview:large, max-video-preview:-1\" \/>\n<link rel=\"canonical\" href=\"https:\/\/learningconnected.com\/de\/blog\/end-of-year-reflection\/\" \/>\n<meta property=\"og:locale\" content=\"de_DE\" \/>\n<meta property=\"og:type\" content=\"article\" \/>\n<meta property=\"og:title\" content=\"Wat heb je dit jaar geleerd? Kijk terug op 2023 met onze template - Learning Connected\" \/>\n<meta property=\"og:description\" content=\"De maand december is het moment om na te denken over wat we hebben geleerd...\" \/>\n<meta property=\"og:url\" content=\"https:\/\/learningconnected.com\/de\/blog\/end-of-year-reflection\/\" \/>\n<meta property=\"og:site_name\" content=\"Learning Connected\" \/>\n<meta property=\"article:published_time\" content=\"2023-12-21T16:45:03+00:00\" \/>\n<meta property=\"article:modified_time\" content=\"2023-12-21T17:14:50+00:00\" \/>\n<meta property=\"og:image\" content=\"https:\/\/learningconnected.com\/wp-content\/uploads\/2023\/12\/End-of-year-reflection-scaled.jpg\" \/>\n\t<meta property=\"og:image:width\" content=\"2560\" \/>\n\t<meta property=\"og:image:height\" content=\"1707\" \/>\n\t<meta property=\"og:image:type\" content=\"image\/jpeg\" \/>\n<meta name=\"author\" content=\"Linda de Wit\" \/>\n<meta name=\"twitter:card\" content=\"summary_large_image\" \/>\n<meta name=\"twitter:label1\" content=\"Geschrieben von\" \/>\n\t<meta name=\"twitter:data1\" content=\"Linda de Wit\" \/>\n\t<meta name=\"twitter:label2\" content=\"Gesch\u00e4tzte Lesezeit\" \/>\n\t<meta name=\"twitter:data2\" content=\"3\u00a0Minuten\" \/>\n<script type=\"application\/ld+json\" class=\"yoast-schema-graph\">{\"@context\":\"https:\\\/\\\/schema.org\",\"@graph\":[{\"@type\":\"Article\",\"@id\":\"https:\\\/\\\/learningconnected.com\\\/blog\\\/end-of-year-reflection\\\/#article\",\"isPartOf\":{\"@id\":\"https:\\\/\\\/learningconnected.com\\\/blog\\\/end-of-year-reflection\\\/\"},\"author\":{\"name\":\"Linda de Wit\",\"@id\":\"https:\\\/\\\/learningconnected.com\\\/#\\\/schema\\\/person\\\/36ddcec6b34a7123473317892c2d56e6\"},\"headline\":\"Wat heb je dit jaar geleerd? Kijk terug op 2023 met onze template\",\"datePublished\":\"2023-12-21T16:45:03+00:00\",\"dateModified\":\"2023-12-21T17:14:50+00:00\",\"mainEntityOfPage\":{\"@id\":\"https:\\\/\\\/learningconnected.com\\\/blog\\\/end-of-year-reflection\\\/\"},\"wordCount\":394,\"image\":{\"@id\":\"https:\\\/\\\/learningconnected.com\\\/blog\\\/end-of-year-reflection\\\/#primaryimage\"},\"thumbnailUrl\":\"https:\\\/\\\/learningconnected.com\\\/wp-content\\\/uploads\\\/2023\\\/12\\\/End-of-year-reflection-scaled.jpg\",\"articleSection\":[\"Nieuws\"],\"inLanguage\":\"de\"},{\"@type\":\"WebPage\",\"@id\":\"https:\\\/\\\/learningconnected.com\\\/blog\\\/end-of-year-reflection\\\/\",\"url\":\"https:\\\/\\\/learningconnected.com\\\/blog\\\/end-of-year-reflection\\\/\",\"name\":\"Wat heb je dit jaar geleerd? Kijk terug op 2023 met onze template - Learning Connected\",\"isPartOf\":{\"@id\":\"https:\\\/\\\/learningconnected.com\\\/#website\"},\"primaryImageOfPage\":{\"@id\":\"https:\\\/\\\/learningconnected.com\\\/blog\\\/end-of-year-reflection\\\/#primaryimage\"},\"image\":{\"@id\":\"https:\\\/\\\/learningconnected.com\\\/blog\\\/end-of-year-reflection\\\/#primaryimage\"},\"thumbnailUrl\":\"https:\\\/\\\/learningconnected.com\\\/wp-content\\\/uploads\\\/2023\\\/12\\\/End-of-year-reflection-scaled.jpg\",\"datePublished\":\"2023-12-21T16:45:03+00:00\",\"dateModified\":\"2023-12-21T17:14:50+00:00\",\"author\":{\"@id\":\"https:\\\/\\\/learningconnected.com\\\/#\\\/schema\\\/person\\\/36ddcec6b34a7123473317892c2d56e6\"},\"breadcrumb\":{\"@id\":\"https:\\\/\\\/learningconnected.com\\\/blog\\\/end-of-year-reflection\\\/#breadcrumb\"},\"inLanguage\":\"de\",\"potentialAction\":[{\"@type\":\"ReadAction\",\"target\":[\"https:\\\/\\\/learningconnected.com\\\/blog\\\/end-of-year-reflection\\\/\"]}]},{\"@type\":\"ImageObject\",\"inLanguage\":\"de\",\"@id\":\"https:\\\/\\\/learningconnected.com\\\/blog\\\/end-of-year-reflection\\\/#primaryimage\",\"url\":\"https:\\\/\\\/learningconnected.com\\\/wp-content\\\/uploads\\\/2023\\\/12\\\/End-of-year-reflection-scaled.jpg\",\"contentUrl\":\"https:\\\/\\\/learningconnected.com\\\/wp-content\\\/uploads\\\/2023\\\/12\\\/End-of-year-reflection-scaled.jpg\",\"width\":2560,\"height\":1707},{\"@type\":\"BreadcrumbList\",\"@id\":\"https:\\\/\\\/learningconnected.com\\\/blog\\\/end-of-year-reflection\\\/#breadcrumb\",\"itemListElement\":[{\"@type\":\"ListItem\",\"position\":1,\"name\":\"Home\",\"item\":\"https:\\\/\\\/learningconnected.com\\\/\"},{\"@type\":\"ListItem\",\"position\":2,\"name\":\"Wat heb je dit jaar geleerd? Kijk terug op 2023 met onze template\"}]},{\"@type\":\"WebSite\",\"@id\":\"https:\\\/\\\/learningconnected.com\\\/#website\",\"url\":\"https:\\\/\\\/learningconnected.com\\\/\",\"name\":\"Learning Connected\",\"description\":\"Wij helpen jou om effectief live online te communiceren\",\"potentialAction\":[{\"@type\":\"SearchAction\",\"target\":{\"@type\":\"EntryPoint\",\"urlTemplate\":\"https:\\\/\\\/learningconnected.com\\\/?s={search_term_string}\"},\"query-input\":{\"@type\":\"PropertyValueSpecification\",\"valueRequired\":true,\"valueName\":\"search_term_string\"}}],\"inLanguage\":\"de\"},{\"@type\":\"Person\",\"@id\":\"https:\\\/\\\/learningconnected.com\\\/#\\\/schema\\\/person\\\/36ddcec6b34a7123473317892c2d56e6\",\"name\":\"Linda de Wit\",\"image\":{\"@type\":\"ImageObject\",\"inLanguage\":\"de\",\"@id\":\"https:\\\/\\\/secure.gravatar.com\\\/avatar\\\/dc6268e1c90be2ca47113a01420f9a75966726c2b06685fc950a663e773885eb?s=96&d=mm&r=g\",\"url\":\"https:\\\/\\\/secure.gravatar.com\\\/avatar\\\/dc6268e1c90be2ca47113a01420f9a75966726c2b06685fc950a663e773885eb?s=96&d=mm&r=g\",\"contentUrl\":\"https:\\\/\\\/secure.gravatar.com\\\/avatar\\\/dc6268e1c90be2ca47113a01420f9a75966726c2b06685fc950a663e773885eb?s=96&d=mm&r=g\",\"caption\":\"Linda de Wit\"},\"url\":\"https:\\\/\\\/learningconnected.com\\\/de\\\/blog\\\/author\\\/lindadewit\\\/\"}]}<\/script>\n<!-- \/ Yoast SEO plugin. -->","yoast_head_json":{"title":"Was haben Sie dieses Jahr gelernt? Blicken Sie mit unserer Vorlage auf das Jahr 2023 zur\u00fcck - Learning Connected","robots":{"index":"index","follow":"follow","max-snippet":"max-snippet:-1","max-image-preview":"max-image-preview:large","max-video-preview":"max-video-preview:-1"},"canonical":"https:\/\/learningconnected.com\/de\/blog\/end-of-year-reflection\/","og_locale":"de_DE","og_type":"article","og_title":"Wat heb je dit jaar geleerd? Kijk terug op 2023 met onze template - Learning Connected","og_description":"De maand december is het moment om na te denken over wat we hebben geleerd...","og_url":"https:\/\/learningconnected.com\/de\/blog\/end-of-year-reflection\/","og_site_name":"Learning Connected","article_published_time":"2023-12-21T16:45:03+00:00","article_modified_time":"2023-12-21T17:14:50+00:00","og_image":[{"width":2560,"height":1707,"url":"https:\/\/learningconnected.com\/wp-content\/uploads\/2023\/12\/End-of-year-reflection-scaled.jpg","type":"image\/jpeg"}],"author":"Linda de Wit","twitter_card":"summary_large_image","twitter_misc":{"Geschrieben von":"Linda de Wit","Gesch\u00e4tzte Lesezeit":"3\u00a0Minuten"},"schema":{"@context":"https:\/\/schema.org","@graph":[{"@type":"Article","@id":"https:\/\/learningconnected.com\/blog\/end-of-year-reflection\/#article","isPartOf":{"@id":"https:\/\/learningconnected.com\/blog\/end-of-year-reflection\/"},"author":{"name":"Linda de Wit","@id":"https:\/\/learningconnected.com\/#\/schema\/person\/36ddcec6b34a7123473317892c2d56e6"},"headline":"Wat heb je dit jaar geleerd? Kijk terug op 2023 met onze template","datePublished":"2023-12-21T16:45:03+00:00","dateModified":"2023-12-21T17:14:50+00:00","mainEntityOfPage":{"@id":"https:\/\/learningconnected.com\/blog\/end-of-year-reflection\/"},"wordCount":394,"image":{"@id":"https:\/\/learningconnected.com\/blog\/end-of-year-reflection\/#primaryimage"},"thumbnailUrl":"https:\/\/learningconnected.com\/wp-content\/uploads\/2023\/12\/End-of-year-reflection-scaled.jpg","articleSection":["Nieuws"],"inLanguage":"de"},{"@type":"WebPage","@id":"https:\/\/learningconnected.com\/blog\/end-of-year-reflection\/","url":"https:\/\/learningconnected.com\/blog\/end-of-year-reflection\/","name":"Was haben Sie dieses Jahr gelernt? Blicken Sie mit unserer Vorlage auf das Jahr 2023 zur\u00fcck - Learning Connected","isPartOf":{"@id":"https:\/\/learningconnected.com\/#website"},"primaryImageOfPage":{"@id":"https:\/\/learningconnected.com\/blog\/end-of-year-reflection\/#primaryimage"},"image":{"@id":"https:\/\/learningconnected.com\/blog\/end-of-year-reflection\/#primaryimage"},"thumbnailUrl":"https:\/\/learningconnected.com\/wp-content\/uploads\/2023\/12\/End-of-year-reflection-scaled.jpg","datePublished":"2023-12-21T16:45:03+00:00","dateModified":"2023-12-21T17:14:50+00:00","author":{"@id":"https:\/\/learningconnected.com\/#\/schema\/person\/36ddcec6b34a7123473317892c2d56e6"},"breadcrumb":{"@id":"https:\/\/learningconnected.com\/blog\/end-of-year-reflection\/#breadcrumb"},"inLanguage":"de","potentialAction":[{"@type":"ReadAction","target":["https:\/\/learningconnected.com\/blog\/end-of-year-reflection\/"]}]},{"@type":"ImageObject","inLanguage":"de","@id":"https:\/\/learningconnected.com\/blog\/end-of-year-reflection\/#primaryimage","url":"https:\/\/learningconnected.com\/wp-content\/uploads\/2023\/12\/End-of-year-reflection-scaled.jpg","contentUrl":"https:\/\/learningconnected.com\/wp-content\/uploads\/2023\/12\/End-of-year-reflection-scaled.jpg","width":2560,"height":1707},{"@type":"BreadcrumbList","@id":"https:\/\/learningconnected.com\/blog\/end-of-year-reflection\/#breadcrumb","itemListElement":[{"@type":"ListItem","position":1,"name":"Home","item":"https:\/\/learningconnected.com\/"},{"@type":"ListItem","position":2,"name":"Wat heb je dit jaar geleerd? Kijk terug op 2023 met onze template"}]},{"@type":"WebSite","@id":"https:\/\/learningconnected.com\/#website","url":"https:\/\/learningconnected.com\/","name":"Learning Connected","description":"Wir helfen Ihnen bei der effektiven Live-Online-Kommunikation","potentialAction":[{"@type":"SearchAction","target":{"@type":"EntryPoint","urlTemplate":"https:\/\/learningconnected.com\/?s={search_term_string}"},"query-input":{"@type":"PropertyValueSpecification","valueRequired":true,"valueName":"search_term_string"}}],"inLanguage":"de"},{"@type":"Person","@id":"https:\/\/learningconnected.com\/#\/schema\/person\/36ddcec6b34a7123473317892c2d56e6","name":"Linda de Wit","image":{"@type":"ImageObject","inLanguage":"de","@id":"https:\/\/secure.gravatar.com\/avatar\/dc6268e1c90be2ca47113a01420f9a75966726c2b06685fc950a663e773885eb?s=96&d=mm&r=g","url":"https:\/\/secure.gravatar.com\/avatar\/dc6268e1c90be2ca47113a01420f9a75966726c2b06685fc950a663e773885eb?s=96&d=mm&r=g","contentUrl":"https:\/\/secure.gravatar.com\/avatar\/dc6268e1c90be2ca47113a01420f9a75966726c2b06685fc950a663e773885eb?s=96&d=mm&r=g","caption":"Linda de Wit"},"url":"https:\/\/learningconnected.com\/de\/blog\/author\/lindadewit\/"}]}},"_links":{"self":[{"href":"https:\/\/learningconnected.com\/de\/wp-json\/wp\/v2\/posts\/3582","targetHints":{"allow":["GET"]}}],"collection":[{"href":"https:\/\/learningconnected.com\/de\/wp-json\/wp\/v2\/posts"}],"about":[{"href":"https:\/\/learningconnected.com\/de\/wp-json\/wp\/v2\/types\/post"}],"author":[{"embeddable":true,"href":"https:\/\/learningconnected.com\/de\/wp-json\/wp\/v2\/users\/25"}],"replies":[{"embeddable":true,"href":"https:\/\/learningconnected.com\/de\/wp-json\/wp\/v2\/comments?post=3582"}],"version-history":[{"count":11,"href":"https:\/\/learningconnected.com\/de\/wp-json\/wp\/v2\/posts\/3582\/revisions"}],"predecessor-version":[{"id":3600,"href":"https:\/\/learningconnected.com\/de\/wp-json\/wp\/v2\/posts\/3582\/revisions\/3600"}],"wp:featuredmedia":[{"embeddable":true,"href":"https:\/\/learningconnected.com\/de\/wp-json\/wp\/v2\/media\/3596"}],"wp:attachment":[{"href":"https:\/\/learningconnected.com\/de\/wp-json\/wp\/v2\/media?parent=3582"}],"wp:term":[{"taxonomy":"category","embeddable":true,"href":"https:\/\/learningconnected.com\/de\/wp-json\/wp\/v2\/categories?post=3582"},{"taxonomy":"post_tag","embeddable":true,"href":"https:\/\/learningconnected.com\/de\/wp-json\/wp\/v2\/tags?post=3582"}],"curies":[{"name":"wp","href":"https:\/\/api.w.org\/{rel}","templated":true}]}}